{"id":20318,"date":"2026-09-03T07:34:26","date_gmt":"2026-09-03T05:34:26","guid":{"rendered":"https:\/\/swmeran.it\/?p=20318"},"modified":"2026-09-03T07:34:26","modified_gmt":"2026-09-03T05:34:26","slug":"freiheitsstrase-und-kurpromenade-vorubergehende-entfernung-der-abfallbehalter","status":"publish","type":"post","link":"https:\/\/swmeran.it\/de\/freiheitsstrase-und-kurpromenade-vorubergehende-entfernung-der-abfallbehalter\/","title":{"rendered":"Freiheitsstra\u00dfe und Kurpromenade: vor\u00fcbergehende Entfernung der Abfallbeh\u00e4lter"},"content":{"rendered":"<p>Anl\u00e4sslich des f\u00fcr Samstag, den 5. September, geplanten Besuchs des Pr\u00e4sidenten der Italienischen Republik, Sergio Mattarella, und des Pr\u00e4sidenten der Bundesrepublik \u00d6sterreich, Alexander Van der Bellen, in Meran werden einige Abfallbeh\u00e4lter in bestimmten, von der Veranstaltung betroffenen Bereichen vor\u00fcbergehend entfernt. Es handelt sich dabei um eine Ma\u00dfnahme, die von den f\u00fcr die Sicherheit der Veranstaltung zust\u00e4ndigen Beh\u00f6rden angeordnet wurde.<\/p>\n","protected":false},"excerpt":{"rendered":"<p>Anl\u00e4sslich des f\u00fcr Samstag, den 5. September, geplanten Besuchs des Pr\u00e4sidenten der Italienischen Republik, Sergio Mattarella, und des Pr\u00e4sidenten der Bundesrepublik \u00d6sterreich, Alexander Van der Bellen, in Meran werden einige&#8230;<\/p>\n","protected":false},"author":7,"featured_media":0,"comment_status":"closed","ping_status":"closed","sticky":false,"template":"","format":"standard","meta":{"_acf_changed":false,"footnotes":""},"categories":[183],"tags":[],"class_list":{"0":"post-20318","1":"post","2":"type-post","3":"status-publish","4":"format-standard","6":"category-dienste"},"acf":[],"_links":{"self":[{"href":"https:\/\/swmeran.it\/de\/wp-json\/wp\/v2\/posts\/20318","targetHints":{"allow":["GET"]}}],"collection":[{"href":"https:\/\/swmeran.it\/de\/wp-json\/wp\/v2\/posts"}],"about":[{"href":"https:\/\/swmeran.it\/de\/wp-json\/wp\/v2\/types\/post"}],"author":[{"embeddable":true,"href":"https:\/\/swmeran.it\/de\/wp-json\/wp\/v2\/users\/7"}],"replies":[{"embeddable":true,"href":"https:\/\/swmeran.it\/de\/wp-json\/wp\/v2\/comments?post=20318"}],"version-history":[{"count":1,"href":"https:\/\/swmeran.it\/de\/wp-json\/wp\/v2\/posts\/20318\/revisions"}],"predecessor-version":[{"id":20319,"href":"https:\/\/swmeran.it\/de\/wp-json\/wp\/v2\/posts\/20318\/revisions\/20319"}],"wp:attachment":[{"href":"https:\/\/swmeran.it\/de\/wp-json\/wp\/v2\/media?parent=20318"}],"wp:term":[{"taxonomy":"category","embeddable":true,"href":"https:\/\/swmeran.it\/de\/wp-json\/wp\/v2\/categories?post=20318"},{"taxonomy":"post_tag","embeddable":true,"href":"https:\/\/swmeran.it\/de\/wp-json\/wp\/v2\/tags?post=20318"}],"curies":[{"name":"wp","href":"https:\/\/api.w.org\/{rel}","templated":true}]}}